{"id":703,"date":"2026-04-21T18:50:10","date_gmt":"2026-04-21T18:50:10","guid":{"rendered":"https:\/\/www.ifop.cl\/pafrnetwork\/?p=703"},"modified":"2026-04-27T19:06:49","modified_gmt":"2026-04-27T19:06:49","slug":"amplia-participacion-en-el-primer-taller-internacional-del-proyecto-ifop-apc-colombia","status":"publish","type":"post","link":"https:\/\/www.ifop.cl\/pafrnetwork\/2026\/04\/21\/amplia-participacion-en-el-primer-taller-internacional-del-proyecto-ifop-apc-colombia\/","title":{"rendered":"Amplia participaci\u00f3n en el primer Taller Internacional del Proyecto IFOP \u2013 APC Colombia"},"content":{"rendered":"<p><img loading=\"lazy\" decoding=\"async\" src=\"http:\/\/www.ifop.cl\/pafrnetwork\/wp-content\/uploads\/sites\/13\/2026\/04\/taller-ccarroza-1-1024x564.jpg\" alt=\"\" width=\"800\" height=\"441\" class=\"aligncenter size-large wp-image-704\" srcset=\"https:\/\/www.ifop.cl\/pafrnetwork\/wp-content\/uploads\/sites\/13\/2026\/04\/taller-ccarroza-1-1024x564.jpg 1024w, https:\/\/www.ifop.cl\/pafrnetwork\/wp-content\/uploads\/sites\/13\/2026\/04\/taller-ccarroza-1-300x165.jpg 300w, https:\/\/www.ifop.cl\/pafrnetwork\/wp-content\/uploads\/sites\/13\/2026\/04\/taller-ccarroza-1-768x423.jpg 768w, https:\/\/www.ifop.cl\/pafrnetwork\/wp-content\/uploads\/sites\/13\/2026\/04\/taller-ccarroza-1.jpg 1167w\" sizes=\"(max-width: 800px) 100vw, 800px\" \/><a href=\"https:\/\/www.ifop.cl\/wp-content\/uploads\/2026\/04\/taller-carroza-2.jpg\" rel=\"703\"><img loading=\"lazy\" decoding=\"async\" class=\"size-medium wp-image-32979 alignright\" src=\"https:\/\/www.ifop.cl\/wp-content\/uploads\/2026\/04\/taller-carroza-2-300x209.jpg\" alt=\"\" width=\"300\" height=\"209\" \/><\/a>El 14 de abril, se realiz\u00f3 de forma virtual el primer Taller Internacional del proyecto \u201cContribuir a la visi\u00f3n integral de la realidad pesquera mediante la incorporaci\u00f3n de la dimensi\u00f3n socioecon\u00f3mica en el proceso de diagn\u00f3stico, manejo y toma de decisiones en el sector pesquero y acu\u00edcola en los pa\u00edses de la Alianza del Pac\u00edfico\u201d. El proyecto financiado por el Fondo de Cooperaci\u00f3n de la Alianza del Pac\u00edfico est\u00e1 siendo ejecutado por el Departamento de Econom\u00eda y Estad\u00edstica (DEE) del IFOP. Para m\u00e1s informaci\u00f3n visitar: <a href=\"https:\/\/www.ifop.cl\/nuestro-que-hacer\/la-investigacion-pesquera\/departamento-de-economia-y-estadistica-dee\/alianza-del-pacifico\/\" rel=\"noopener\" target=\"_blank\">https:\/\/www.ifop.cl\/nuestro-que-hacer\/la-investigacion-pesquera\/departamento-de-economia-y-estadistica-dee\/alianza-del-pacifico\/<\/a> .<\/p>\n<p>&nbsp;<\/p>\n<p>Este importante hito del proyecto cont\u00f3 con la participaci\u00f3n de representantes de Argentina, Chile, Colombia, M\u00e9xico y Per\u00fa como tambi\u00e9n de los puntos focales de la Red de Instituciones de Investigaci\u00f3n Pesquera y de Acu\u00edcola de los pa\u00edses miembros de la Alianza del Pac\u00edfico (Red IIPA-AP).<\/p>\n<p>&nbsp;<\/p>\n<p>El investigador senior del Departamento de Econom\u00eda y Estad\u00edstica y jefe del proyecto, Luis Carroza, indic\u00f3 que el objetivo del taller fue traspasar la metodolog\u00eda con la cual cada pa\u00eds evaluar\u00e1 el uso de la informaci\u00f3n socioecon\u00f3mica en los procesos de diagn\u00f3stico y toma de decisiones sectoriales. Las respectivas evaluaciones ser\u00e1n posteriormente expuestas en un Taller presencial a ejecutarse en Chile durante el mes de junio de este a\u00f1o. En este sentido, el jefe de proyecto destac\u00f3 la importancia de desarrollar estas instancias t\u00e9cnicas destinadas a poner en valor la dimensi\u00f3n socioecon\u00f3mica en el manejo pesquero y acu\u00edcola. Estas iniciativas contribuyen tanto a la investigaci\u00f3n sectorial como al posicionamiento del IFOP como referente en la materia en el \u00e1mbito de la Alianza del Pac\u00edfico.<\/p>\n<p>&nbsp;<\/p>\n<p>Finalmente, la jefatura de Departamento de Econom\u00eda y Estad\u00edstica Camilo Torres, agreg\u00f3 que la consideraci\u00f3n de los aspectos socioecon\u00f3micos es fundamental para un buen manejo de las pesquer\u00edas y la acuicultura, debido a que en ellas interact\u00faan personas, mercados e innumerables relaciones productivas con otros sectores de la econom\u00eda. Por tal motivo, este proyecto viene aportar en aquella senda, con\u00a0 el fin de de que en el ciclo de manejo pesquero y acu\u00edcola se puedan sumar a la informaci\u00f3n biol\u00f3gica y operacional, la componente socioecon\u00f3mica de las mismas.<\/p>\n<p>&nbsp;<\/p>\n<p>En la prensa:<\/p>\n<ul>\n<li><a href=\"https:\/\/www.aqua.cl\/alianza-del-pacifico-impulsa-integracion-socioeconomica-en-la-gestion-pesquera-y-acuicola\/\" rel=\"noopener\" target=\"_blank\">aqua.cl<\/a><\/li>\n<\/ul>\n<p><\/p>","protected":false},"excerpt":{"rendered":"<p>El 14 de abril, se realiz\u00f3 de forma virtual el primer Taller Internacional del proyecto \u201cContribuir a la visi\u00f3n integral de la realidad pesquera mediante la incorporaci\u00f3n de la dimensi\u00f3n socioecon\u00f3mica en el proceso de diagn\u00f3stico, manejo y toma de decisiones en el sector pesquero y acu\u00edcola en los pa\u00edses de la Alianza del Pac\u00edfico\u201d. El proyecto financiado por el Fondo de Cooperaci\u00f3n de la Alianza del Pac\u00edfico est\u00e1 siendo ejecutado por el Departamento de Econom\u00eda y Estad\u00edstica (DEE) del IFOP. Para m\u00e1s informaci\u00f3n visitar: https:\/\/www.ifop.cl\/nuestro-que-hacer\/la-investigacion-pesquera\/departamento-de-economia-y-estadistica-dee\/alianza-del-pacifico\/ . &nbsp; Este importante hito del proyecto cont\u00f3 con la participaci\u00f3n de representantes de [&hellip;]<\/p>\n","protected":false},"author":1,"featured_media":0,"comment_status":"open","ping_status":"open","sticky":false,"template":"","format":"standard","meta":{"footnotes":""},"categories":[4],"tags":[],"class_list":["post-703","post","type-post","status-publish","format-standard","hentry","category-noticias"],"_links":{"self":[{"href":"https:\/\/www.ifop.cl\/pafrnetwork\/wp-json\/wp\/v2\/posts\/703"}],"collection":[{"href":"https:\/\/www.ifop.cl\/pafrnetwork\/wp-json\/wp\/v2\/posts"}],"about":[{"href":"https:\/\/www.ifop.cl\/pafrnetwork\/wp-json\/wp\/v2\/types\/post"}],"author":[{"embeddable":true,"href":"https:\/\/www.ifop.cl\/pafrnetwork\/wp-json\/wp\/v2\/users\/1"}],"replies":[{"embeddable":true,"href":"https:\/\/www.ifop.cl\/pafrnetwork\/wp-json\/wp\/v2\/comments?post=703"}],"version-history":[{"count":2,"href":"https:\/\/www.ifop.cl\/pafrnetwork\/wp-json\/wp\/v2\/posts\/703\/revisions"}],"predecessor-version":[{"id":709,"href":"https:\/\/www.ifop.cl\/pafrnetwork\/wp-json\/wp\/v2\/posts\/703\/revisions\/709"}],"wp:attachment":[{"href":"https:\/\/www.ifop.cl\/pafrnetwork\/wp-json\/wp\/v2\/media?parent=703"}],"wp:term":[{"taxonomy":"category","embeddable":true,"href":"https:\/\/www.ifop.cl\/pafrnetwork\/wp-json\/wp\/v2\/categories?post=703"},{"taxonomy":"post_tag","embeddable":true,"href":"https:\/\/www.ifop.cl\/pafrnetwork\/wp-json\/wp\/v2\/tags?post=703"}],"curies":[{"name":"wp","href":"https:\/\/api.w.org\/{rel}","templated":true}]}}