{"id":8777,"date":"2014-03-21T14:48:13","date_gmt":"2014-03-21T18:48:13","guid":{"rendered":"http:\/\/www.ifop.cl\/?p=8777"},"modified":"2016-08-29T12:52:49","modified_gmt":"2016-08-29T16:52:49","slug":"en-aysen-ifop-y-subpesca-realizaran-reuniones-con-pescadores-artesanales-para-la-conformacion-de-los-comites-de-manejo","status":"publish","type":"post","link":"https:\/\/www.ifop.cl\/en\/en-aysen-ifop-y-subpesca-realizaran-reuniones-con-pescadores-artesanales-para-la-conformacion-de-los-comites-de-manejo\/","title":{"rendered":"En Ays\u00e9n IFOP y SUBPESCA realizar\u00e1n reuniones con pescadores artesanales para la conformaci\u00f3n de los Comit\u00e9s de Manejo"},"content":{"rendered":"<p class=\"MsoNormal\" style=\"text-align: justify\"><b><span style=\"font-family: 'Arial','sans-serif'\">Los d\u00edas 27 y 28 de marzo<span>\u00a0 <\/span>en Ays\u00e9n, profesionales del IFOP y la SUBPESCA<span>\u00a0\u00a0 <\/span>realizar\u00e1n<span>\u00a0 <\/span>dos reuniones de trabajo<span>\u00a0 <\/span>con los pescadores artesanales, con la finalidad de recoger<span>\u00a0 <\/span>antecedentes sobre la Merluza del Sur, Congrio Dorado y Raya Espinosa.<\/span><\/b><\/p>\n<p class=\"MsoNormal\" style=\"text-align: justify\"><span style=\"font-family: 'Arial','sans-serif'\">El prop\u00f3sito de esta iniciativa es detectar los problemas de manejo que afectan a estas pesquer\u00edas para poder incorporarlos en el futuro plan de manejo, que regir\u00e1 el desenvolvimiento y recuperaci\u00f3n de estos recursos.<\/span><\/p>\n<p class=\"MsoNormal\" style=\"text-align: justify\">\n<p class=\"MsoNormal\" style=\"text-align: justify\"><span style=\"font-family: 'Arial','sans-serif'\">La actividad es organizada por la Subsecretar\u00eda de Pesca y Acuicultura y el Instituto de Fomento Pesquero en el marco del proyecto \u201cAsesor\u00eda para la constituci\u00f3n de los comit\u00e9s de manejo de las principales pesquer\u00edas nacionales y el levantamiento de informaci\u00f3n desde los grupos de inter\u00e9s relevantes<span>\u00a0 <\/span>Merluza del Sur, Congrio Dorado, y Raya\u201d<\/span><\/p>\n<p class=\"MsoNormal\" style=\"text-align: justify\">\n<p class=\"MsoNormal\" style=\"text-align: justify\"><span style=\"font-family: 'Arial','sans-serif'\">Es importante destacar que desde el 12 de marzo y por el plazo de un mes, actores de la pesca artesanal, industrial y de plantas de proceso podr\u00e1n postular<span>\u00a0 <\/span>a cargos de representaci\u00f3n en los comit\u00e9s de las pesquer\u00edas de Merluza del Sur, Congrio Dorado en la unidad de pesquer\u00eda norte; Congrio Dorado, en la unidad de pesquer\u00eda sur y para la Raya Volant\u00edn y Espinosa.<\/span><\/p>\n<p class=\"MsoNormal\" style=\"text-align: justify\">\n<p class=\"MsoNormal\" style=\"text-align: justify\"><span style=\"font-family: 'Arial','sans-serif'\">Con respecto a la participaci\u00f3n de los pescadores en los talleres el subsecretario de Pesca, Ra\u00fal S\u00fanico, hizo un llamado para que los distintos actores involucrados participen activamente del proceso pues \u201cse abre una opci\u00f3n de representaci\u00f3n y participaci\u00f3n formal muy interesante para todos\u201d.<\/span><\/p>\n<p class=\"MsoNormal\" style=\"text-align: justify\">\n<p class=\"MsoNormal\" style=\"text-align: justify\"><span style=\"font-family: 'Arial','sans-serif'\">La autoridad gubernamental agreg\u00f3 que \u201cla nueva normativa no s\u00f3lo cambi\u00f3 la regulaci\u00f3n de todo el sector, sino que tambi\u00e9n gener\u00f3 un cambio que nosotros definimos como cultural pues din\u00e1micas como la participaci\u00f3n efectiva es algo absolutamente nuevo y que se tiene que aprovechar de la mejor forma\u201d.<\/span><\/p>\n<p class=\"MsoNormal\" style=\"text-align: justify\">\n<p class=\"MsoNormal\" style=\"text-align: justify\">\n<p style=\"text-align: center\"><a href=\"http:\/\/www.ifop.cl\/wp-content\/contenidos\/uploads\/aysen-31.jpg\" rel=\"8777\"><img loading=\"lazy\" decoding=\"async\" class=\"alignnone size-medium wp-image-8780\" alt=\"aysen 3\" src=\"http:\/\/www.ifop.cl\/wp-content\/contenidos\/uploads\/aysen-31-300x225.jpg\" width=\"300\" height=\"225\" \/><\/a><\/p>\n","protected":false},"excerpt":{"rendered":"<p>Los d\u00edas 27 y 28 de marzo\u00a0 en Ays\u00e9n, profesionales del IFOP y la SUBPESCA\u00a0\u00a0 realizar\u00e1n\u00a0 dos reuniones de trabajo\u00a0 con los pescadores artesanales, con la finalidad de recoger\u00a0 antecedentes sobre la Merluza del Sur, Congrio Dorado y Raya Espinosa. El prop\u00f3sito de esta iniciativa es detectar los problemas de manejo que afectan a estas pesquer\u00edas para poder incorporarlos en el futuro plan de manejo, que regir\u00e1 el desenvolvimiento y recuperaci\u00f3n de estos recursos. La actividad es organizada por la Subsecretar\u00eda de Pesca y Acuicultura y el Instituto de Fomento Pesquero en el marco del proyecto \u201cAsesor\u00eda para la constituci\u00f3n [&hellip;]<\/p>\n","protected":false},"author":1,"featured_media":8780,"comment_status":"closed","ping_status":"open","sticky":false,"template":"","format":"standard","meta":{"footnotes":""},"categories":[4],"tags":[],"class_list":["post-8777","post","type-post","status-publish","format-standard","has-post-thumbnail","hentry","category-noticias"],"_links":{"self":[{"href":"https:\/\/www.ifop.cl\/en\/wp-json\/wp\/v2\/posts\/8777"}],"collection":[{"href":"https:\/\/www.ifop.cl\/en\/wp-json\/wp\/v2\/posts"}],"about":[{"href":"https:\/\/www.ifop.cl\/en\/wp-json\/wp\/v2\/types\/post"}],"author":[{"embeddable":true,"href":"https:\/\/www.ifop.cl\/en\/wp-json\/wp\/v2\/users\/1"}],"replies":[{"embeddable":true,"href":"https:\/\/www.ifop.cl\/en\/wp-json\/wp\/v2\/comments?post=8777"}],"version-history":[{"count":0,"href":"https:\/\/www.ifop.cl\/en\/wp-json\/wp\/v2\/posts\/8777\/revisions"}],"wp:featuredmedia":[{"embeddable":true,"href":"https:\/\/www.ifop.cl\/en\/wp-json\/"}],"wp:attachment":[{"href":"https:\/\/www.ifop.cl\/en\/wp-json\/wp\/v2\/media?parent=8777"}],"wp:term":[{"taxonomy":"category","embeddable":true,"href":"https:\/\/www.ifop.cl\/en\/wp-json\/wp\/v2\/categories?post=8777"},{"taxonomy":"post_tag","embeddable":true,"href":"https:\/\/www.ifop.cl\/en\/wp-json\/wp\/v2\/tags?post=8777"}],"curies":[{"name":"wp","href":"https:\/\/api.w.org\/{rel}","templated":true}]}}