{"id":7607,"date":"2013-10-07T15:41:44","date_gmt":"2013-10-07T19:41:44","guid":{"rendered":"http:\/\/www.ifop.cl\/?p=7607"},"modified":"2018-02-05T11:48:23","modified_gmt":"2018-02-05T15:48:23","slug":"chile-laboratorio-natural-comienza-la-semana-de-la-ciencia-en-ifop","status":"publish","type":"post","link":"https:\/\/www.ifop.cl\/en\/chile-laboratorio-natural-comienza-la-semana-de-la-ciencia-en-ifop\/","title":{"rendered":"Chile Laboratorio Natural \u201cComienza la Semana de la Ciencia en IFOP\u201d"},"content":{"rendered":"<p class=\"MsoNormal\" style=\"text-align: justify\"><a href=\"http:\/\/www.ifop.cl\/wp-content\/contenidos\/uploads\/explo_valpo.jpg\" rel=\"7607\"><img loading=\"lazy\" decoding=\"async\" class=\"alignnone size-medium wp-image-7081\" alt=\"explo_valpo\" src=\"http:\/\/www.ifop.cl\/wp-content\/contenidos\/uploads\/explo_valpo-300x115.jpg\" width=\"300\" height=\"115\" \/><\/a><\/p>\n<p class=\"MsoNormal\" style=\"text-align: justify\"><span style=\"font-size: 10.0pt;line-height: 115%;font-family: 'Arial','sans-serif'\">Con una serie de actividades destinadas<span>\u00a0 <\/span>a divulgar <span>\u00a0<\/span>la Ciencia <span>\u00a0<\/span>y la Tecnolog\u00eda adem\u00e1s de<span>\u00a0 <\/span><span>\u00a0<\/span>acercar el conocimiento cient\u00edfico a los ni\u00f1os y j\u00f3venes <span>\u00a0<\/span>se dar\u00e1 inicio hoy a la Semana de la Ciencia en IFOP. <\/span><\/p>\n<p class=\"MsoNormal\" style=\"text-align: justify\"><span style=\"font-size: 10.0pt;line-height: 115%;font-family: 'Arial','sans-serif'\">La actividad es desarrollada<span>\u00a0 <\/span>por EXPLORA CONICYT. Es la versi\u00f3n XIX siendo el tema central <span>\u00a0<\/span>\u201cChile Laboratorio Natural\u201d<\/span><\/p>\n<p class=\"MsoNormal\" style=\"text-align: justify\"><span style=\"font-size: 10.0pt;line-height: 115%;font-family: 'Arial','sans-serif'\"><span>\u00a0<\/span>Nuestro Instituto,<span>\u00a0 <\/span>hace a\u00f1os <span>\u00a0<\/span>forma <span>\u00a0<\/span>parte del proyecto ofreciendo una serie de charlas <span>\u00a0<\/span>y actividades l\u00fadicas para los estudiantes de la Regi\u00f3n de Valpara\u00edso. Entre las que podemos mencionar la visita del Colegio las Am\u00e9ricas de Quilpu\u00e9, el<span>\u00a0 <\/span>jueves 10, al taller <span>\u00a0<\/span>\u201cTecnolog\u00eda al servicio del seguimiento de nuestros recursos pesqueros&#8221;<\/span><\/p>\n<p class=\"MsoNormal\" style=\"text-align: justify;line-height: normal\"><span style=\"font-size: 10.0pt;font-family: 'Arial','sans-serif'\">Es importante destacar la participaci\u00f3n de los investigadores en la modalidad \u201c1000 Cient\u00edficos 1000 Aulas\u201d<span>\u00a0 <\/span>instancia en que los cient\u00edficos visitan los colegios interact\u00faan con los estudiantes, les cuentan su experiencia,<span>\u00a0 <\/span>lo entretenido e interesante <span>\u00a0<\/span>que<span>\u00a0 <\/span>resulta <span>\u00a0<\/span>hacer ciencia en Chile.<\/span><\/p>\n<p class=\"MsoNormal\" style=\"text-align: justify;line-height: normal\"><span style=\"font-size: 10.0pt;font-family: 'Arial','sans-serif'\"><span>\u00a0<\/span>Los investigadores que visitan las aulas <span>\u00a0<\/span>son: Jorge Azocar con el tema \u201cImportancia de Chile en la conservaci\u00f3n de las tortugas marinas\u201d<span>\u00a0 <\/span>colegios: Carlos Alessandri, Colegio Nuestro Tiempo de Algarrobo .Pablo Araya con el tema \u201cLa basura en las playas\u201d Colegios: Luterano de la Concordia y Colegio Nuestra Se\u00f1ora de la Misericordia de Valpara\u00edso. Andr\u00e9s<span>\u00a0 <\/span>Olgu\u00edn con los temas \u201cEl pulpo un cuerpo y ocho brazos de pura inteligencia\u201d \u201cJaiba que se duerme se la lleva la corriente\u201d en los Colegios: Nuestra Se\u00f1ora de la Misericordia y Escuela Gaspar Cabrales de Valpara\u00edso y Belloto Sur.<\/span><\/p>\n<p class=\"MsoNormal\" style=\"text-align: justify\"><span style=\"font-size: 10.0pt;line-height: 115%;font-family: 'Arial','sans-serif'\">Al ser consultado el bi\u00f3logo marino<span>\u00a0 <\/span>Andr\u00e9s<span>\u00a0 <\/span>Olgu\u00edn de IFOP sobre su motivaci\u00f3n para ser parte del proyecto respondi\u00f3 &#8220;Todos los a\u00f1os nos invitan a participar en el Proyecto Asociativo Explora, a trav\u00e9s de su actividad \u201c1000 Cient\u00edficos, 1000 Aulas. Es grato para uno como cient\u00edfico compartir con la comunidad escolar, el quehacer de lo que uno realiza, traspasando en forma entretenida y did\u00e1ctica lo que d\u00eda a d\u00eda se efect\u00faa seriamente y con responsabilidad en pos del desarrollo sustentable de los recursos marinos. Me gusta pensar que a trav\u00e9s de esta actividad, motivados por mis palabras, fui el motor para que m\u00e1s de alguno de los estudiantes que escuchan mis charlas, se convierta en un cient\u00edfico que transmita nuevos conocimientos a las generaciones futuras&#8221;.<\/span><\/p>\n<p class=\"MsoNormal\" style=\"text-align: justify\"><span style=\"font-size: 10.0pt;line-height: 115%;font-family: 'Arial','sans-serif'\">Mario Recabal<span>\u00a0 <\/span>dise\u00f1ador de IFOP opina que &#8220;La Semana de la Ciencia, impulsada por Explora, es una excelente instancia para dar a conocer el quehacer de nuestra instituci\u00f3n a la comunidad en general y especialmente a ni\u00f1os y j\u00f3venes en edad escolar, y que a trav\u00e9s de mostrar la labor que realizamos los motivemos a ser potenciales cient\u00edficos del ma\u00f1ana con los conocimientos de hoy&#8221;.<\/span><\/p>\n<p class=\"MsoNormal\" style=\"text-align: justify\"><span style=\"font-size: 10.0pt;line-height: 115%;font-family: 'Arial','sans-serif'\">Para el ingeniero pesquero Luis Ariz<span>\u00a0 <\/span>la<span>\u00a0 <\/span>actividad lo motiva a participar<span>\u00a0 <\/span>ya que permite \u201cEntregar conocimientos sobre pesca artesanal, aportando al proceso de educaci\u00f3n de los estudiantes\u201d<\/span><\/p>\n<p class=\"MsoNormal\" style=\"text-align: justify\"><span style=\"font-size: 10.0pt;line-height: 115%;font-family: 'Arial','sans-serif'\">Las Actividades que IFOP desarrollar\u00e1 en\u00a0 Valpara\u00edso se pueden revisar en <\/span><\/p>\n<p class=\"MsoNormal\" style=\"text-align: justify\"><a href=\"http:\/\/ucv.altavoz.net\/prontus_unidacad\/site\/artic\/20130715\/pags\/20130715171358.html\"><span style=\"font-size: 10.0pt;line-height: 115%;font-family: 'Arial','sans-serif'\">http:\/\/ucv.altavoz.net\/prontus_unidacad\/site\/artic\/20130715\/pags\/20130715171358.html<\/span><\/a><\/p>\n<p class=\"MsoNormal\" style=\"text-align: justify\"><a href=\"http:\/\/www.ifop.cl\/wp-content\/contenidos\/uploads\/andres.jpg\" rel=\"7607\"><img loading=\"lazy\" decoding=\"async\" class=\"alignnone size-medium wp-image-7723\" alt=\"andres\" src=\"http:\/\/www.ifop.cl\/wp-content\/contenidos\/uploads\/andres-300x300.jpg\" width=\"300\" height=\"300\" \/><\/a><a href=\"http:\/\/www.ifop.cl\/wp-content\/contenidos\/uploads\/Azocar.jpg\" rel=\"7607\"><img loading=\"lazy\" decoding=\"async\" class=\"alignnone size-medium wp-image-7724\" alt=\"Azocar\" src=\"http:\/\/www.ifop.cl\/wp-content\/contenidos\/uploads\/Azocar-300x300.jpg\" width=\"300\" height=\"300\" \/><\/a><a href=\"http:\/\/www.ifop.cl\/wp-content\/contenidos\/uploads\/Pablo.jpg\" rel=\"7607\"><img loading=\"lazy\" decoding=\"async\" class=\"alignnone size-medium wp-image-7725\" alt=\"Pablo\" src=\"http:\/\/www.ifop.cl\/wp-content\/contenidos\/uploads\/Pablo-300x300.jpg\" width=\"300\" height=\"300\" \/><\/a><a href=\"http:\/\/www.ifop.cl\/wp-content\/contenidos\/uploads\/geo1.jpg\" rel=\"7607\"><img loading=\"lazy\" decoding=\"async\" class=\"alignnone size-medium wp-image-7726\" alt=\"geo1\" src=\"http:\/\/www.ifop.cl\/wp-content\/contenidos\/uploads\/geo1-300x300.jpg\" width=\"300\" height=\"300\" \/><\/a><\/p>\n<p class=\"MsoNormal\" style=\"text-align: justify\"><span style=\"font-size: 10.0pt;line-height: 115%;font-family: 'Arial','sans-serif'\">\u00a0<\/span><\/p>\n","protected":false},"excerpt":{"rendered":"<p>Con una serie de actividades destinadas\u00a0 a divulgar \u00a0la Ciencia \u00a0y la Tecnolog\u00eda adem\u00e1s de\u00a0 \u00a0acercar el conocimiento cient\u00edfico a los ni\u00f1os y j\u00f3venes \u00a0se dar\u00e1 inicio hoy a la Semana de la Ciencia en IFOP. La actividad es desarrollada\u00a0 por EXPLORA CONICYT. Es la versi\u00f3n XIX siendo el tema central \u00a0\u201cChile Laboratorio Natural\u201d \u00a0Nuestro Instituto,\u00a0 hace a\u00f1os \u00a0forma \u00a0parte del proyecto ofreciendo una serie de charlas \u00a0y actividades l\u00fadicas para los estudiantes de la Regi\u00f3n de Valpara\u00edso. Entre las que podemos mencionar la visita del Colegio las Am\u00e9ricas de Quilpu\u00e9, el\u00a0 jueves 10, al taller \u00a0\u201cTecnolog\u00eda al servicio del [&hellip;]<\/p>\n","protected":false},"author":1,"featured_media":7727,"comment_status":"closed","ping_status":"open","sticky":false,"template":"","format":"standard","meta":{"footnotes":""},"categories":[4],"tags":[],"class_list":["post-7607","post","type-post","status-publish","format-standard","has-post-thumbnail","hentry","category-noticias"],"_links":{"self":[{"href":"https:\/\/www.ifop.cl\/en\/wp-json\/wp\/v2\/posts\/7607"}],"collection":[{"href":"https:\/\/www.ifop.cl\/en\/wp-json\/wp\/v2\/posts"}],"about":[{"href":"https:\/\/www.ifop.cl\/en\/wp-json\/wp\/v2\/types\/post"}],"author":[{"embeddable":true,"href":"https:\/\/www.ifop.cl\/en\/wp-json\/wp\/v2\/users\/1"}],"replies":[{"embeddable":true,"href":"https:\/\/www.ifop.cl\/en\/wp-json\/wp\/v2\/comments?post=7607"}],"version-history":[{"count":2,"href":"https:\/\/www.ifop.cl\/en\/wp-json\/wp\/v2\/posts\/7607\/revisions"}],"predecessor-version":[{"id":17997,"href":"https:\/\/www.ifop.cl\/en\/wp-json\/wp\/v2\/posts\/7607\/revisions\/17997"}],"wp:featuredmedia":[{"embeddable":true,"href":"https:\/\/www.ifop.cl\/en\/wp-json\/"}],"wp:attachment":[{"href":"https:\/\/www.ifop.cl\/en\/wp-json\/wp\/v2\/media?parent=7607"}],"wp:term":[{"taxonomy":"category","embeddable":true,"href":"https:\/\/www.ifop.cl\/en\/wp-json\/wp\/v2\/categories?post=7607"},{"taxonomy":"post_tag","embeddable":true,"href":"https:\/\/www.ifop.cl\/en\/wp-json\/wp\/v2\/tags?post=7607"}],"curies":[{"name":"wp","href":"https:\/\/api.w.org\/{rel}","templated":true}]}}