{"id":7041,"date":"2013-09-12T10:41:56","date_gmt":"2013-09-12T14:41:56","guid":{"rendered":"http:\/\/www.ifop.cl\/?p=7041"},"modified":"2013-09-12T10:41:56","modified_gmt":"2013-09-12T14:41:56","slug":"ifop-participa-en-convencion-interamericana-para-la-proteccion-y-conservacion-de-las-tortugas-marinas-cit","status":"publish","type":"post","link":"https:\/\/www.ifop.cl\/en\/ifop-participa-en-convencion-interamericana-para-la-proteccion-y-conservacion-de-las-tortugas-marinas-cit\/","title":{"rendered":"IFOP Participa en Convenci\u00f3n Interamericana para la Protecci\u00f3n y Conservaci\u00f3n de las Tortugas Marinas &#8211; CIT"},"content":{"rendered":"<p><!--[if gte mso 9]&gt;--><\/p>\n<p>  800&#215;600<\/p>\n<p><!--[if gte mso 9]&gt;--><\/p>\n<p>  Normal<br \/>\n  0<\/p>\n<p>  21<\/p>\n<p>  false<br \/>\n  false<br \/>\n  false<\/p>\n<p>  ES-CL<br \/>\n  X-NONE<br \/>\n  X-NONE<\/p>\n<p>  MicrosoftInternetExplorer4<\/p>\n<p><!--[if gte mso 9]&gt;--><\/p>\n<p><!--[if gte mso 10]&gt;--><\/p>\n<p> \/* Style Definitions *\/<br \/>\n table.MsoNormalTable<br \/>\n\t{mso-style-name:&#8221;Tabla normal&#8221;;<br \/>\n\tmso-tstyle-rowband-size:0;<br \/>\n\tmso-tstyle-colband-size:0;<br \/>\n\tmso-style-noshow:yes;<br \/>\n\tmso-style-priority:99;<br \/>\n\tmso-style-parent:&#8221;&#8221;;<br \/>\n\tmso-padding-alt:0cm 5.4pt 0cm 5.4pt;<br \/>\n\tmso-para-margin:0cm;<br \/>\n\tmso-para-margin-bottom:.0001pt;<br \/>\n\tmso-pagination:widow-orphan;<br \/>\n\tfont-size:10.0pt;<br \/>\n\tfont-family:&#8221;Calibri&#8221;,&#8221;sans-serif&#8221;;}<\/p>\n<p class=\"MsoNormal\" style=\"text-align: justify\"><a href=\"http:\/\/www.ifop.cl\/wp-content\/contenidos\/uploads\/T-33.jpg\" rel=\"7041\"><img loading=\"lazy\" decoding=\"async\" class=\"alignnone size-medium wp-image-7042\" alt=\"T 33\" src=\"http:\/\/www.ifop.cl\/wp-content\/contenidos\/uploads\/T-33-300x202.jpg\" width=\"300\" height=\"202\" \/><\/a><\/p>\n<p class=\"MsoNormal\" style=\"text-align: justify\"><span style=\"font-size: 12.0pt;line-height: 115%;font-family: 'Arial','sans-serif'\">En Tegucigalpa, Honduras, <span>\u00a0<\/span>entre el <span>\u00a0<\/span>10<span>\u00a0 <\/span>y el <span>\u00a0<\/span>13 de septiembre de 2013 se est\u00e1 desarrollando la X Reuni\u00f3n del Comit\u00e9 Cient\u00edfico de la \u201cConvenci\u00f3n Interamericana para la Protecci\u00f3n y Conservaci\u00f3n de las Tortugas Marinas\u201d, actividad, en la cual participa Chile en el marco del convenio suscrito entre SUBPESCA e IFOP, \u201cAsesor\u00eda Cient\u00edfica en Materias Internacionales, 2013\u201d, <span>\u00a0<\/span>financiando la participaci\u00f3n <span>\u00a0<\/span>del Bi\u00f3logo Marino, se\u00f1or Jos\u00e9 Miguel Donoso Pastor de la ONG Pac\u00edfico La\u00fad, quien<span>\u00a0 <\/span>expone el tema <span>\u00a0<\/span>\u201cCaptura incidental de tortugas marinas en las pesquer\u00edas chilenas\u201d, <span>\u00a0<\/span>la reuni\u00f3n contar\u00e1<span>\u00a0 <\/span>adem\u00e1s con la presencia del se\u00f1or Francisco Ponce, de la Subsecretar\u00eda de Pesca.<\/span><\/p>\n<p class=\"MsoNormal\" style=\"text-align: justify\"><span style=\"font-size: 12.0pt;line-height: 115%;font-family: 'Arial','sans-serif'\">La Convenci\u00f3n Interamericana para la Protecci\u00f3n y Conservaci\u00f3n de las Tortugas Marinas (\u201cCIT\u201d) es un tratado intergubernamental que provee el marco legal para que los pa\u00edses del Continente Americano tomen acciones en favor de estas especies. La CIT entr\u00f3 en vigencia en mayo del 2001 y cuenta actualmente con quince Partes Contratantes m\u00e1s un pa\u00eds en proceso de ratificaci\u00f3n. <\/span><\/p>\n<p class=\"MsoNormal\" style=\"text-align: justify\"><span style=\"font-size: 12.0pt;line-height: 115%;font-family: 'Arial','sans-serif'\">La CIT atiende la<span>\u00a0 <\/span>necesidad de implementar medidas concertadas entre naciones, coordinar acciones multilaterales de conservaci\u00f3n y protecci\u00f3n, y velar por la implementaci\u00f3n de una agenda regional que conduzca a la recuperaci\u00f3n de estas especies.<\/span><\/p>\n<p class=\"MsoNormal\" style=\"text-align: justify\"><span style=\"font-size: 12.0pt;line-height: 115%;font-family: 'Arial','sans-serif'\"><span>\u00a0<\/span>El objetivo de la<span>\u00a0 <\/span>Convenci\u00f3n es promover la protecci\u00f3n, conservaci\u00f3n y recuperaci\u00f3n de las poblaciones de tortugas marinas y de los h\u00e1bitats de los cuales dependen, bas\u00e1ndose en los datos cient\u00edficos m\u00e1s fidedignos disponibles y considerando las caracter\u00edsticas ambientales, socioecon\u00f3micas y culturales de los pa\u00edses participantes. Estas acciones deben ser tomadas tanto en las playas de anidamiento como en lo que corresponde a los mares territoriales de los pa\u00edses.<\/span><\/p>\n<p class=\"MsoNormal\" style=\"text-align: justify\"><span style=\"font-size: 12.0pt;line-height: 115%;font-family: 'Arial','sans-serif'\">Entre las actividades a desarrollarse en la \u201c X Reuni\u00f3n\u201d<span>\u00a0 <\/span>podemos mencionar :<\/span><\/p>\n<ul style=\"margin-top: 0cm\" type=\"disc\">\n<li class=\"MsoNormal\" style=\"text-align: justify\"><span style=\"font-size: 12.0pt;line-height: 115%;font-family: 'Arial','sans-serif'\">Presentaci\u00f3n de <span>\u00a0<\/span>Situaci\u00f3n de las Tortugas Marinas de Honduras<\/span><\/li>\n<li class=\"MsoNormal\" style=\"text-align: justify\"><span style=\"font-size: 12.0pt;line-height: 115%;font-family: 'Arial','sans-serif'\">Interacci\u00f3n con Pesquer\u00edas<\/span><\/li>\n<li class=\"MsoNormal\" style=\"text-align: justify\"><span style=\"font-size: 12.0pt;line-height: 115%;font-family: 'Arial','sans-serif'\">Cambio Clim\u00e1tico y Tortugas Marinas<\/span><\/li>\n<li class=\"MsoNormal\" style=\"text-align: justify\"><span style=\"font-size: 12.0pt;line-height: 115%;font-family: 'Arial','sans-serif'\">Informes Anuales Convenci\u00f3n internacional de Tortugas (CIT)<\/span><\/li>\n<li class=\"MsoNormal\" style=\"text-align: justify\"><span style=\"font-size: 12.0pt;line-height: 115%;font-family: 'Arial','sans-serif'\">Playas de Anidaci\u00f3n<\/span><\/li>\n<\/ul>\n<p class=\"MsoNormal\" style=\"text-align: justify\"><span style=\"font-size: 12.0pt;line-height: 115%;font-family: 'Arial','sans-serif'\">La reuni\u00f3n contempla para el \u00faltimo d\u00eda una Salida de campo patrocinada por el Gobierno de Honduras a Playa el Venado, ubicada en el municipio de Marcovia sitio de anidaci\u00f3n de tortugas marinas.<\/span><\/p>\n<p class=\"MsoNormal\" style=\"text-align: justify\"><span style=\"font-size: 12.0pt;line-height: 115%;font-family: 'Arial','sans-serif'\">\u00a0<\/span><\/p>\n","protected":false},"excerpt":{"rendered":"<p>800&#215;600 Normal 0 21 false false false ES-CL X-NONE X-NONE MicrosoftInternetExplorer4 \/* Style Definitions *\/ table.MsoNormalTable {mso-style-name:&#8221;Tabla normal&#8221;; mso-tstyle-rowband-size:0; mso-tstyle-colband-size:0; mso-style-noshow:yes; mso-style-priority:99; mso-style-parent:&#8221;&#8221;; mso-padding-alt:0cm 5.4pt 0cm 5.4pt; mso-para-margin:0cm; mso-para-margin-bottom:.0001pt; mso-pagination:widow-orphan; font-size:10.0pt; font-family:&#8221;Calibri&#8221;,&#8221;sans-serif&#8221;;} En Tegucigalpa, Honduras, \u00a0entre el \u00a010\u00a0 y el \u00a013 de septiembre de 2013 se est\u00e1 desarrollando la X Reuni\u00f3n del Comit\u00e9 Cient\u00edfico de la \u201cConvenci\u00f3n Interamericana para la Protecci\u00f3n y Conservaci\u00f3n de las Tortugas Marinas\u201d, actividad, en la cual participa Chile en el marco del convenio suscrito entre SUBPESCA e IFOP, \u201cAsesor\u00eda Cient\u00edfica en Materias Internacionales, 2013\u201d, \u00a0financiando la participaci\u00f3n \u00a0del Bi\u00f3logo Marino, se\u00f1or Jos\u00e9 Miguel Donoso Pastor [&hellip;]<\/p>\n","protected":false},"author":1,"featured_media":7043,"comment_status":"closed","ping_status":"open","sticky":false,"template":"","format":"standard","meta":{"footnotes":""},"categories":[4],"tags":[],"class_list":["post-7041","post","type-post","status-publish","format-standard","has-post-thumbnail","hentry","category-noticias"],"_links":{"self":[{"href":"https:\/\/www.ifop.cl\/en\/wp-json\/wp\/v2\/posts\/7041"}],"collection":[{"href":"https:\/\/www.ifop.cl\/en\/wp-json\/wp\/v2\/posts"}],"about":[{"href":"https:\/\/www.ifop.cl\/en\/wp-json\/wp\/v2\/types\/post"}],"author":[{"embeddable":true,"href":"https:\/\/www.ifop.cl\/en\/wp-json\/wp\/v2\/users\/1"}],"replies":[{"embeddable":true,"href":"https:\/\/www.ifop.cl\/en\/wp-json\/wp\/v2\/comments?post=7041"}],"version-history":[{"count":0,"href":"https:\/\/www.ifop.cl\/en\/wp-json\/wp\/v2\/posts\/7041\/revisions"}],"wp:featuredmedia":[{"embeddable":true,"href":"https:\/\/www.ifop.cl\/en\/wp-json\/"}],"wp:attachment":[{"href":"https:\/\/www.ifop.cl\/en\/wp-json\/wp\/v2\/media?parent=7041"}],"wp:term":[{"taxonomy":"category","embeddable":true,"href":"https:\/\/www.ifop.cl\/en\/wp-json\/wp\/v2\/categories?post=7041"},{"taxonomy":"post_tag","embeddable":true,"href":"https:\/\/www.ifop.cl\/en\/wp-json\/wp\/v2\/tags?post=7041"}],"curies":[{"name":"wp","href":"https:\/\/api.w.org\/{rel}","templated":true}]}}