{"id":6967,"date":"2013-08-29T06:42:20","date_gmt":"2013-08-29T10:42:20","guid":{"rendered":"http:\/\/www.ifop.cl\/?p=6967"},"modified":"2017-12-29T09:03:21","modified_gmt":"2017-12-29T13:03:21","slug":"investigadores-de-ifop-explican-avistamiento-de-ballena-en-san-antonio","status":"publish","type":"post","link":"https:\/\/www.ifop.cl\/en\/investigadores-de-ifop-explican-avistamiento-de-ballena-en-san-antonio\/","title":{"rendered":"Investigadores de IFOP explican avistamiento de ballena en San Antonio"},"content":{"rendered":"<a href=\"http:\/\/www.ifop.cl\/wp-content\/contenidos\/uploads\/DSCN2255.jpg\" rel=\"6967\"><img loading=\"lazy\" decoding=\"async\" class=\"alignnone size-medium wp-image-6975\" alt=\"DSCN2255\" src=\"http:\/\/www.ifop.cl\/wp-content\/contenidos\/uploads\/DSCN2255-300x225.jpg\" width=\"300\" height=\"225\" \/><\/a><\/p>\n<p><!--[if gte mso 9]&gt;--><\/p>\n<p><!--[if gte mso 9]&gt;--><\/p>\n<p>&nbsp;<\/p>\n<p><!--[if gte mso 9]&gt;--><\/p>\n<p>  Normal<br \/>\n  0<\/p>\n<p>  21<\/p>\n<p>  false<br \/>\n  false<br \/>\n  false<\/p>\n<p>  ES-CL<br \/>\n  X-NONE<br \/>\n  X-NONE<\/p>\n<p><!--[if gte mso 9]&gt;--><\/p>\n<p><!--[if gte mso 10]&gt;--><\/p>\n<p> \/* Style Definitions *\/<br \/>\n table.MsoNormalTable<br \/>\n\t{mso-style-name:&#8221;Tabla normal&#8221;;<br \/>\n\tmso-tstyle-rowband-size:0;<br \/>\n\tmso-tstyle-colband-size:0;<br \/>\n\tmso-style-noshow:yes;<br \/>\n\tmso-style-priority:99;<br \/>\n\tmso-style-parent:&#8221;&#8221;;<br \/>\n\tmso-padding-alt:0cm 5.4pt 0cm 5.4pt;<br \/>\n\tmso-para-margin-top:0cm;<br \/>\n\tmso-para-margin-right:0cm;<br \/>\n\tmso-para-margin-bottom:10.0pt;<br \/>\n\tmso-para-margin-left:0cm;<br \/>\n\tline-height:115%;<br \/>\n\tmso-pagination:widow-orphan;<br \/>\n\tfont-size:11.0pt;<br \/>\n\tfont-family:&#8221;Calibri&#8221;,&#8221;sans-serif&#8221;;<br \/>\n\tmso-ascii-font-family:Calibri;<br \/>\n\tmso-ascii-theme-font:minor-latin;<br \/>\n\tmso-hansi-font-family:Calibri;<br \/>\n\tmso-hansi-theme-font:minor-latin;<br \/>\n\tmso-fareast-language:EN-US;}<\/p>\n<p class=\"MsoNormal\" style=\"text-align: justify\">Los bi\u00f3logos marinos de IFOP Antonio Aran\u00eds y Marcelo San Mart\u00edn fueron entrevistados ayer mi\u00e9rcoles 28 <span>\u00a0<\/span>de agosto por el noticiero del canal 2 de San Antonio. En la oportunidad nuestros investigadores explicaron las posibles<span>\u00a0 <\/span>razones de la permanencia de la ballena y su ballenato en Pelancura, San Antonio, los cet\u00e1ceos han permanecido en la zona durante 18 d\u00edas convirti\u00e9ndose en un atractivo tur\u00edstico.<\/p>\n<p class=\"MsoNormal\" style=\"text-align: justify\">La Ballena pertenece <span>\u00a0<\/span>al tipo Franca Austral, entre sus caracter\u00edsticas principales podemos mencionar su <span>\u00a0<\/span>gran tama\u00f1o, las hembras pueden llegar a medir m\u00e1s de 17 m de largo, siendo un poco menores los machos. Su peso bordea las 45 toneladas aunque hay registros de captura que indican que las hembras pueden pesar m\u00e1s de 60 toneladas.<\/p>\n<p><!--[if gte mso 9]&gt;--><\/p>\n<p>  Normal<br \/>\n  0<\/p>\n<p>  21<\/p>\n<p>  false<br \/>\n  false<br \/>\n  false<\/p>\n<p>  ES-CL<br \/>\n  X-NONE<br \/>\n  X-NONE<\/p>\n<p><!--[if gte mso 9]&gt;--><\/p>\n<p><!--[if gte mso 10]&gt;--><\/p>\n<p> \/* Style Definitions *\/<br \/>\n table.MsoNormalTable<br \/>\n\t{mso-style-name:&#8221;Tabla normal&#8221;;<br \/>\n\tmso-tstyle-rowband-size:0;<br \/>\n\tmso-tstyle-colband-size:0;<br \/>\n\tmso-style-noshow:yes;<br \/>\n\tmso-style-priority:99;<br \/>\n\tmso-style-parent:&#8221;&#8221;;<br \/>\n\tmso-padding-alt:0cm 5.4pt 0cm 5.4pt;<br \/>\n\tmso-para-margin-top:0cm;<br \/>\n\tmso-para-margin-right:0cm;<br \/>\n\tmso-para-margin-bottom:10.0pt;<br \/>\n\tmso-para-margin-left:0cm;<br \/>\n\tline-height:115%;<br \/>\n\tmso-pagination:widow-orphan;<br \/>\n\tfont-size:11.0pt;<br \/>\n\tfont-family:&#8221;Calibri&#8221;,&#8221;sans-serif&#8221;;<br \/>\n\tmso-ascii-font-family:Calibri;<br \/>\n\tmso-ascii-theme-font:minor-latin;<br \/>\n\tmso-hansi-font-family:Calibri;<br \/>\n\tmso-hansi-theme-font:minor-latin;<br \/>\n\tmso-fareast-language:EN-US;}<\/p>\n<p class=\"MsoNormal\">Ver entrevista<\/p>\n<p class=\"MsoNormal\"><a href=\"http:\/\/www.ifop.cl\/wp-content\/contenidos\/uploads\/video\/IFOP_EXAMINA_BALLENAS_SAN_ANTONIO.mpg\">Expertos de IFOP Examinan Ballenas en San Antonio<\/a><\/p>","protected":false},"excerpt":{"rendered":"<p>&nbsp; Normal 0 21 false false false ES-CL X-NONE X-NONE \/* Style Definitions *\/ table.MsoNormalTable {mso-style-name:&#8221;Tabla normal&#8221;; mso-tstyle-rowband-size:0; mso-tstyle-colband-size:0; mso-style-noshow:yes; mso-style-priority:99; mso-style-parent:&#8221;&#8221;; mso-padding-alt:0cm 5.4pt 0cm 5.4pt; mso-para-margin-top:0cm; mso-para-margin-right:0cm; mso-para-margin-bottom:10.0pt; mso-para-margin-left:0cm; line-height:115%; mso-pagination:widow-orphan; font-size:11.0pt; font-family:&#8221;Calibri&#8221;,&#8221;sans-serif&#8221;; mso-ascii-font-family:Calibri; mso-ascii-theme-font:minor-latin; mso-hansi-font-family:Calibri; mso-hansi-theme-font:minor-latin; mso-fareast-language:EN-US;} Los bi\u00f3logos marinos de IFOP Antonio Aran\u00eds y Marcelo San Mart\u00edn fueron entrevistados ayer mi\u00e9rcoles 28 \u00a0de agosto por el noticiero del canal 2 de San Antonio. En la oportunidad nuestros investigadores explicaron las posibles\u00a0 razones de la permanencia de la ballena y su ballenato en Pelancura, San Antonio, los cet\u00e1ceos han permanecido en la zona durante 18 d\u00edas convirti\u00e9ndose en [&hellip;]<\/p>\n","protected":false},"author":1,"featured_media":6974,"comment_status":"closed","ping_status":"open","sticky":false,"template":"","format":"standard","meta":{"footnotes":""},"categories":[4],"tags":[],"class_list":["post-6967","post","type-post","status-publish","format-standard","has-post-thumbnail","hentry","category-noticias"],"_links":{"self":[{"href":"https:\/\/www.ifop.cl\/en\/wp-json\/wp\/v2\/posts\/6967"}],"collection":[{"href":"https:\/\/www.ifop.cl\/en\/wp-json\/wp\/v2\/posts"}],"about":[{"href":"https:\/\/www.ifop.cl\/en\/wp-json\/wp\/v2\/types\/post"}],"author":[{"embeddable":true,"href":"https:\/\/www.ifop.cl\/en\/wp-json\/wp\/v2\/users\/1"}],"replies":[{"embeddable":true,"href":"https:\/\/www.ifop.cl\/en\/wp-json\/wp\/v2\/comments?post=6967"}],"version-history":[{"count":1,"href":"https:\/\/www.ifop.cl\/en\/wp-json\/wp\/v2\/posts\/6967\/revisions"}],"predecessor-version":[{"id":17712,"href":"https:\/\/www.ifop.cl\/en\/wp-json\/wp\/v2\/posts\/6967\/revisions\/17712"}],"wp:featuredmedia":[{"embeddable":true,"href":"https:\/\/www.ifop.cl\/en\/wp-json\/"}],"wp:attachment":[{"href":"https:\/\/www.ifop.cl\/en\/wp-json\/wp\/v2\/media?parent=6967"}],"wp:term":[{"taxonomy":"category","embeddable":true,"href":"https:\/\/www.ifop.cl\/en\/wp-json\/wp\/v2\/categories?post=6967"},{"taxonomy":"post_tag","embeddable":true,"href":"https:\/\/www.ifop.cl\/en\/wp-json\/wp\/v2\/tags?post=6967"}],"curies":[{"name":"wp","href":"https:\/\/api.w.org\/{rel}","templated":true}]}}