{"id":27741,"date":"2023-11-21T10:57:05","date_gmt":"2023-11-21T14:57:05","guid":{"rendered":"https:\/\/www.ifop.cl\/?p=27741"},"modified":"2023-11-26T21:40:42","modified_gmt":"2023-11-27T01:40:42","slug":"extraordinario-stand-de-ifop-en-fiesta-de-la-ciencia-en-puerto-montt","status":"publish","type":"post","link":"https:\/\/www.ifop.cl\/en\/extraordinario-stand-de-ifop-en-fiesta-de-la-ciencia-en-puerto-montt\/","title":{"rendered":"Extraordinary IFOP Stand at Puerto Montt Science Festival in"},"content":{"rendered":"<a href=\"https:\/\/www.ifop.cl\/wp-content\/uploads\/2023\/11\/fiesta-ciencia-1.jpg\" rel=\"Stand\" rel=\"27741\"><img loading=\"lazy\" decoding=\"async\" class=\"alignleft wp-image-27743 size-medium\" src=\"https:\/\/www.ifop.cl\/wp-content\/uploads\/2023\/11\/fiesta-ciencia-1-300x224.jpg\" alt=\"\" width=\"300\" height=\"224\" srcset=\"https:\/\/www.ifop.cl\/wp-content\/uploads\/2023\/11\/fiesta-ciencia-1-300x224.jpg 300w, https:\/\/www.ifop.cl\/wp-content\/uploads\/2023\/11\/fiesta-ciencia-1-150x112.jpg 150w, https:\/\/www.ifop.cl\/wp-content\/uploads\/2023\/11\/fiesta-ciencia-1-1024x765.jpg 1024w, https:\/\/www.ifop.cl\/wp-content\/uploads\/2023\/11\/fiesta-ciencia-1-160x120.jpg 160w, https:\/\/www.ifop.cl\/wp-content\/uploads\/2023\/11\/fiesta-ciencia-1.jpg 1600w\" sizes=\"(max-width: 300px) 100vw, 300px\" \/><\/a>CREAN \u2013 IFOP working group participated in the Science Festival, organized by PAR \u2013 Explora Los Lagos, between November 15th \u2013 16th, 2023, at Puerto Montt\u2019s Arena events center, through different activities focused on publicizing phytoplankton main species  and discussing Harmful Algal Blooms in Chile, or commonly known as \u201cred tides.\u201d<\/p>\n<p><a href=\"https:\/\/www.ifop.cl\/wp-content\/uploads\/2023\/11\/fiesta-ciencia-3.jpg\" rel=\"Stand\" rel=\"27741\"><img loading=\"lazy\" decoding=\"async\" class=\"alignright wp-image-27744 size-medium\" src=\"https:\/\/www.ifop.cl\/wp-content\/uploads\/2023\/11\/fiesta-ciencia-3-300x224.jpg\" alt=\"\" width=\"300\" height=\"224\" srcset=\"https:\/\/www.ifop.cl\/wp-content\/uploads\/2023\/11\/fiesta-ciencia-3-300x224.jpg 300w, https:\/\/www.ifop.cl\/wp-content\/uploads\/2023\/11\/fiesta-ciencia-3-150x112.jpg 150w, https:\/\/www.ifop.cl\/wp-content\/uploads\/2023\/11\/fiesta-ciencia-3-1024x765.jpg 1024w, https:\/\/www.ifop.cl\/wp-content\/uploads\/2023\/11\/fiesta-ciencia-3-160x120.jpg 160w, https:\/\/www.ifop.cl\/wp-content\/uploads\/2023\/11\/fiesta-ciencia-3.jpg 1600w\" sizes=\"(max-width: 300px) 100vw, 300px\" \/><\/a>In this way, a photographic sample of microalgae was made, which were captured by Los Lagos region phytoplankton group  professional lens (Julia C\u00e1ceres, Loreto L\u00f3pez, Bianca Olivares and Karen Correa), Ays\u00e9n (Ver\u00f3nica Mu\u00f1oz), and Magellan (Pablo Salgado). These photographs were exhibited in a montage made by Rodrigo Mart\u00ednez, a researcher at the Puerto Montt center. Thus, those who participated in this activity were able to learn about phytoplankton diversity of shapes and sizes, in addition to their system important characteristics and functions. On the other hand, the work was complemented with practical activities through an inverted microscope, impressing attendees with the diversity of species found in just a drop of seawater, and the \u201cmagical power\u201d of microscopy.<\/p>\n<p><a href=\"https:\/\/www.ifop.cl\/wp-content\/uploads\/2023\/11\/fiesta-ciencia2.jpg\" rel=\"Stand\" rel=\"27741\"><img loading=\"lazy\" decoding=\"async\" class=\"alignleft wp-image-27745 size-medium\" src=\"https:\/\/www.ifop.cl\/wp-content\/uploads\/2023\/11\/fiesta-ciencia2-300x224.jpg\" alt=\"\" width=\"300\" height=\"224\" srcset=\"https:\/\/www.ifop.cl\/wp-content\/uploads\/2023\/11\/fiesta-ciencia2-300x224.jpg 300w, https:\/\/www.ifop.cl\/wp-content\/uploads\/2023\/11\/fiesta-ciencia2-150x112.jpg 150w, https:\/\/www.ifop.cl\/wp-content\/uploads\/2023\/11\/fiesta-ciencia2-1024x765.jpg 1024w, https:\/\/www.ifop.cl\/wp-content\/uploads\/2023\/11\/fiesta-ciencia2-160x120.jpg 160w, https:\/\/www.ifop.cl\/wp-content\/uploads\/2023\/11\/fiesta-ciencia2.jpg 1600w\" sizes=\"(max-width: 300px) 100vw, 300px\" \/><\/a>Pamela Carbonell, this activity responsible researcher,  who closed the second day of FECI 2023, through a talk about FAN in Chile, pointed out that the Science Festival is an important dissemination and education activity in the region, which allows us to bring this world, sometimes little known, closer to a diverse group of participants, who are enchanted by these small organisms with such important characteristics for marine ecosystems.","protected":false},"excerpt":{"rendered":"<p>CREAN \u2013 IFOP working group participated in the Science Festival, organized by PAR \u2013 Explora Los Lagos, between November 15th \u2013 16th, 2023, at Puerto Montt\u2019s Arena events center, through different activities focused on publicizing phytoplankton main species and discussing Harmful Algal Blooms in Chile, or commonly known as \u201cred tides.\u201d In this way, a photographic sample of microalgae was made, which were captured by Los Lagos region phytoplankton group professional lens (Julia C\u00e1ceres, Loreto L\u00f3pez, Bianca Olivares and Karen Correa), Ays\u00e9n (Ver\u00f3nica Mu\u00f1oz), and Magellan (Pablo Salgado). These photographs were exhibited in a montage made by Rodrigo Mart\u00ednez, a [&hellip;]<\/p>\n","protected":false},"author":6,"featured_media":27742,"comment_status":"closed","ping_status":"closed","sticky":false,"template":"","format":"standard","meta":{"footnotes":""},"categories":[17,4],"tags":[],"class_list":["post-27741","post","type-post","status-publish","format-standard","has-post-thumbnail","hentry","category-destacados","category-noticias"],"_links":{"self":[{"href":"https:\/\/www.ifop.cl\/en\/wp-json\/wp\/v2\/posts\/27741"}],"collection":[{"href":"https:\/\/www.ifop.cl\/en\/wp-json\/wp\/v2\/posts"}],"about":[{"href":"https:\/\/www.ifop.cl\/en\/wp-json\/wp\/v2\/types\/post"}],"author":[{"embeddable":true,"href":"https:\/\/www.ifop.cl\/en\/wp-json\/wp\/v2\/users\/6"}],"replies":[{"embeddable":true,"href":"https:\/\/www.ifop.cl\/en\/wp-json\/wp\/v2\/comments?post=27741"}],"version-history":[{"count":3,"href":"https:\/\/www.ifop.cl\/en\/wp-json\/wp\/v2\/posts\/27741\/revisions"}],"predecessor-version":[{"id":27783,"href":"https:\/\/www.ifop.cl\/en\/wp-json\/wp\/v2\/posts\/27741\/revisions\/27783"}],"wp:featuredmedia":[{"embeddable":true,"href":"https:\/\/www.ifop.cl\/en\/wp-json\/wp\/v2\/media\/27742"}],"wp:attachment":[{"href":"https:\/\/www.ifop.cl\/en\/wp-json\/wp\/v2\/media?parent=27741"}],"wp:term":[{"taxonomy":"category","embeddable":true,"href":"https:\/\/www.ifop.cl\/en\/wp-json\/wp\/v2\/categories?post=27741"},{"taxonomy":"post_tag","embeddable":true,"href":"https:\/\/www.ifop.cl\/en\/wp-json\/wp\/v2\/tags?post=27741"}],"curies":[{"name":"wp","href":"https:\/\/api.w.org\/{rel}","templated":true}]}}