{"id":24772,"date":"2022-05-27T09:23:28","date_gmt":"2022-05-27T13:23:28","guid":{"rendered":"https:\/\/www.ifop.cl\/?p=24772"},"modified":"2022-11-06T16:31:49","modified_gmt":"2022-11-06T20:31:49","slug":"ifop-organiza-jornadas-de-sensibilizacion-sobre-contaminantes-en-el-mar","status":"publish","type":"post","link":"https:\/\/www.ifop.cl\/en\/ifop-organiza-jornadas-de-sensibilizacion-sobre-contaminantes-en-el-mar\/","title":{"rendered":"IFOP organizes &#8221; Pollutants in the SeaAwareness Days&#8221;"},"content":{"rendered":"<a href=\"https:\/\/www.ifop.cl\/wp-content\/uploads\/2022\/05\/actividad-2-2.png\" rel=\"sur\" rel=\"24772\"><img loading=\"lazy\" decoding=\"async\" class=\"alignleft wp-image-24774 size-medium\" src=\"https:\/\/www.ifop.cl\/wp-content\/uploads\/2022\/05\/actividad-2-2-300x224.png\" alt=\"\" width=\"300\" height=\"224\" srcset=\"https:\/\/www.ifop.cl\/wp-content\/uploads\/2022\/05\/actividad-2-2-300x224.png 300w, https:\/\/www.ifop.cl\/wp-content\/uploads\/2022\/05\/actividad-2-2-150x112.png 150w, https:\/\/www.ifop.cl\/wp-content\/uploads\/2022\/05\/actividad-2-2-1024x766.png 1024w, https:\/\/www.ifop.cl\/wp-content\/uploads\/2022\/05\/actividad-2-2-160x120.png 160w, https:\/\/www.ifop.cl\/wp-content\/uploads\/2022\/05\/actividad-2-2.png 1280w\" sizes=\"(max-width: 300px) 100vw, 300px\" \/><\/a>During the month of May,  Aquaculture Division received an invitation to participate in the activity: \u201c Pollutants in the Sea Awareness Days\u201d, organized by Liceo de Hombres de  Puerto Montt Bicentennial inspired by the month of the sea. Whose focus awareness of the sea main problems, accompanied by photographic exhibitions, audiovisual presentations and coastal areas residents whose main source of work is the sea interviews .<\/p>\n<p><strong>Dr. Margarita Gonz\u00e1lez from the Hydrobiological Health Department, Macarena Herrera from the Environment Department of Aquaculture Division and from Fisheries Division, Jos\u00e9 Sep\u00falveda attended along with Jos\u00e9 P\u00e9rez<\/strong>. Those who managed to carry out a cycle of talks, which introduced the Fisheries Development Institute, to 3rd and 4th grade students, also revealing the main problems that are evident in the face of waste dumped into the sea in the different anthropic activities there made. After the talks, a space was given to socialize these issues, where an interactive dynamic was generated with incentives to highlight the students participation.<\/p>\n<p><a href=\"https:\/\/www.ifop.cl\/wp-content\/uploads\/2022\/05\/actividad-3.png\" rel=\"sur\" rel=\"24772\"><img loading=\"lazy\" decoding=\"async\" class=\"alignright wp-image-24775 size-medium\" src=\"https:\/\/www.ifop.cl\/wp-content\/uploads\/2022\/05\/actividad-3-300x225.png\" alt=\"\" width=\"300\" height=\"225\" srcset=\"https:\/\/www.ifop.cl\/wp-content\/uploads\/2022\/05\/actividad-3-300x225.png 300w, https:\/\/www.ifop.cl\/wp-content\/uploads\/2022\/05\/actividad-3-150x113.png 150w, https:\/\/www.ifop.cl\/wp-content\/uploads\/2022\/05\/actividad-3-1024x768.png 1024w, https:\/\/www.ifop.cl\/wp-content\/uploads\/2022\/05\/actividad-3-160x120.png 160w, https:\/\/www.ifop.cl\/wp-content\/uploads\/2022\/05\/actividad-3.png 1600w\" sizes=\"(max-width: 300px) 100vw, 300px\" \/><\/a>Discussed  topics included: application of antiparasitics used in salmonid aquaculture and release into the environment, microplastics with their respective effect on marine organisms and the main contributions to scientific activity from the Sampling Management Scientific Observer Program.<\/p>\n<p>Press related links<\/p>\n<li><a target=\"_blank\" href=\"http:\/\/www.aqua.cl\/2022\/05\/30\/ifop-participo-en-jornadas-de-sensibilizacion-sobre-contaminantes-en-el-mar\/\">aqua.cl<\/a><\/li>\n<li><a target=\"_blank\" href=\"https:\/\/www.musicoop.cl\/2022\/05\/ifop-organiza-jornadas-de.html\">musicoop.cl<\/a><\/li>","protected":false},"excerpt":{"rendered":"<p>During the month of May, Aquaculture Division received an invitation to participate in the activity: \u201c Pollutants in the Sea Awareness Days\u201d, organized by Liceo de Hombres de Puerto Montt Bicentennial inspired by the month of the sea. Whose focus awareness of the sea main problems, accompanied by photographic exhibitions, audiovisual presentations and coastal areas residents whose main source of work is the sea interviews . Dr. Margarita Gonz\u00e1lez from the Hydrobiological Health Department, Macarena Herrera from the Environment Department of Aquaculture Division and from Fisheries Division, Jos\u00e9 Sep\u00falveda attended along with Jos\u00e9 P\u00e9rez. Those who managed to carry out [&hellip;]<\/p>\n","protected":false},"author":6,"featured_media":24773,"comment_status":"closed","ping_status":"closed","sticky":false,"template":"","format":"standard","meta":{"footnotes":""},"categories":[17,4],"tags":[],"class_list":["post-24772","post","type-post","status-publish","format-standard","has-post-thumbnail","hentry","category-destacados","category-noticias"],"_links":{"self":[{"href":"https:\/\/www.ifop.cl\/en\/wp-json\/wp\/v2\/posts\/24772"}],"collection":[{"href":"https:\/\/www.ifop.cl\/en\/wp-json\/wp\/v2\/posts"}],"about":[{"href":"https:\/\/www.ifop.cl\/en\/wp-json\/wp\/v2\/types\/post"}],"author":[{"embeddable":true,"href":"https:\/\/www.ifop.cl\/en\/wp-json\/wp\/v2\/users\/6"}],"replies":[{"embeddable":true,"href":"https:\/\/www.ifop.cl\/en\/wp-json\/wp\/v2\/comments?post=24772"}],"version-history":[{"count":3,"href":"https:\/\/www.ifop.cl\/en\/wp-json\/wp\/v2\/posts\/24772\/revisions"}],"predecessor-version":[{"id":25482,"href":"https:\/\/www.ifop.cl\/en\/wp-json\/wp\/v2\/posts\/24772\/revisions\/25482"}],"wp:featuredmedia":[{"embeddable":true,"href":"https:\/\/www.ifop.cl\/en\/wp-json\/wp\/v2\/media\/24773"}],"wp:attachment":[{"href":"https:\/\/www.ifop.cl\/en\/wp-json\/wp\/v2\/media?parent=24772"}],"wp:term":[{"taxonomy":"category","embeddable":true,"href":"https:\/\/www.ifop.cl\/en\/wp-json\/wp\/v2\/categories?post=24772"},{"taxonomy":"post_tag","embeddable":true,"href":"https:\/\/www.ifop.cl\/en\/wp-json\/wp\/v2\/tags?post=24772"}],"curies":[{"name":"wp","href":"https:\/\/api.w.org\/{rel}","templated":true}]}}